{"id":3123,"date":"2023-05-25T10:58:00","date_gmt":"2023-05-25T10:58:00","guid":{"rendered":"https:\/\/knoblochstrings.com\/?p=3123"},"modified":"2026-03-31T06:52:54","modified_gmt":"2026-03-31T06:52:54","slug":"pedro-mateo-habla-sobre-el-preludio-no4-op-28-de-frederic-chopin","status":"publish","type":"post","link":"https:\/\/knoblochstrings.com\/es\/blog\/pedro-mateo-habla-sobre-el-preludio-no4-op-28-de-frederic-chopin\/","title":{"rendered":"Pedro Mateo habla sobre el preludio N\u00ba4 Op. 28 de Fr\u00e9d\u00e9ric Chopin"},"content":{"rendered":"<h2>Chopin en Mallorca<\/h2>\n<p><em>\u201cLa nuit, on entend des chants et le son des guitares pendant des heures enti\u00e8res\u2026\u201d<\/em><\/p>\n<p><strong>Palma, 15 de noviembre de 1838<\/strong><\/p>\n<h2>La estancia de Chopin en Valldemossa<\/h2>\n<p>:contentReference[oaicite:0]{index=0} residi\u00f3 apenas 3 meses durante el invierno de 1838-39 en la isla de :contentReference[oaicite:1]{index=1} junto a la escritora :contentReference[oaicite:2]{index=2} y sus dos hijos, en busca de un clima m\u00e1s favorable que el de Par\u00eds.<\/p>\n<p>Tras diversas vicisitudes acabaron instal\u00e1ndose en la hermosa :contentReference[oaicite:3]{index=3}, que hab\u00eda sido desalojada de sus monjes en 1835 debido a la desamortizaci\u00f3n de Mendiz\u00e1bal. Hemos recibido abundante informaci\u00f3n sobre lo que vivieron en aquellos d\u00edas gracias al libro <em>\u00abUn invierno en Mallorca\u00bb<\/em> de la propia Sand y a las numerosas cartas que Chopin escribi\u00f3 y recibi\u00f3.<\/p>\n<h2>Los 24 preludios op. 28<\/h2>\n<p>Durante esos meses, Chopin termin\u00f3 de componer sus 24 Preludios op. 28 en todas las tonalidades, tal como ya hab\u00eda hecho :contentReference[oaicite:4]{index=4} en sus colecciones de preludios y fugas. Desde Valldemossa envi\u00f3 el manuscrito a su editor en Par\u00eds.<\/p>\n<h2>Preludio n\u00ba 4 en mi menor<\/h2>\n<p>El Preludio n\u00ba 4 en mi menor se ha mantenido desde su creaci\u00f3n como una de las piezas m\u00e1s reconocidas y, al mismo tiempo, m\u00e1s enigm\u00e1ticas del compositor. Incluso son\u00f3 en una transcripci\u00f3n para \u00f3rgano durante su funeral apenas una d\u00e9cada despu\u00e9s.<\/p>\n<p>El lento <em>lamenti<\/em> de la melod\u00eda, junto con los ambiguos y dolorosos pulsos de la mano izquierda, llenos de cromatismo y en ocasiones pr\u00e1cticamente imposibles de analizar arm\u00f3nicamente, convierten esta breve pieza en una de las m\u00e1s comentadas del autor.<\/p>\n<h2>La influencia de la guitarra<\/h2>\n<p>La carta que Chopin escribi\u00f3 a su amigo Fontana el 15 de noviembre de 1838, los dibujos de guitarristas locales realizados por el hijo de George Sand, e incluso el hecho de que la pieza comience utilizando las cuerdas agudas al aire de la guitarra en el acompa\u00f1amiento, nos invitan a imaginar a Chopin capturando el esp\u00edritu de este instrumento en las teclas del piano, como ya hiciera :contentReference[oaicite:5]{index=5} y m\u00e1s tarde :contentReference[oaicite:6]{index=6}.<\/p>\n<h2>Transcripciones y legado<\/h2>\n<p>Desde la temprana transcripci\u00f3n de :contentReference[oaicite:7]{index=7}, en la que invirti\u00f3 el registro de las voces, hasta versiones posteriores para d\u00fao, los guitarristas no han dejado de sentirse fascinados por la m\u00fasica de Chopin y por este preludio en particular.<\/p>\n<p>A pesar de ser autor de probablemente algunas de las obras pian\u00edsticas m\u00e1s idiom\u00e1ticas jam\u00e1s escritas, grandes guitarristas como :contentReference[oaicite:8]{index=8}, :contentReference[oaicite:9]{index=9}, :contentReference[oaicite:10]{index=10} o, m\u00e1s recientemente, :contentReference[oaicite:11]{index=11} adaptaron algunas de sus piezas para su instrumento con gran \u00e9xito.<\/p>\n<h2>Una experiencia de grabaci\u00f3n \u00fanica<\/h2>\n<p>Grabar esta magn\u00edfica y extremadamente fiel transcripci\u00f3n de :contentReference[oaicite:12]{index=12} junto a \u00e9l, rodeados de los objetos personales y manuscritos de Chopin, fue una experiencia \u00fanica y m\u00e1gica que nunca olvidaremos.<\/p>\n<h2>Agradecimientos<\/h2>\n<p>Gracias a todo el equipo de Knobloch por hacerlo posible.<\/p>\n<\/p>\n<p><strong>Pedro Mateo Gonz\u00e1lez<\/strong><\/p>\n","protected":false},"excerpt":{"rendered":"<p>Chopin en Mallorca \u201cLa nuit, on entend des chants et le son des guitares pendant des heures enti\u00e8res\u2026\u201d Palma, 15 de noviembre de 1838 La estancia de Chopin en Valldemossa &hellip;<\/p>\n","protected":false},"author":1,"featured_media":3122,"comment_status":"closed","ping_status":"closed","sticky":false,"template":"","format":"standard","meta":{"_acf_changed":false,"footnotes":""},"categories":[227],"tags":[],"class_list":["post-3123","post","type-post","status-publish","format-standard","has-post-thumbnail","hentry","category-guitarra-clasica"],"acf":[],"yoast_head":"<!-- This site is optimized with the Yoast SEO plugin v27.2 - https:\/\/yoast.com\/product\/yoast-seo-wordpress\/ -->\n<title>Pedro Mateo habla sobre el preludio N\u00ba4 Op. 28 de Fr\u00e9d\u00e9ric Chopin - Knobloch Strings<\/title>\n<meta name=\"description\" content=\"Chopin en Mallorca \u201cLa nuit, on entend des chants et le son des guitares pendant des heures enti\u00e8res\u2026\u201d Palma, 15 de noviembre de 1838 La estancia de\" \/>\n<meta name=\"robots\" content=\"index, follow, max-snippet:-1, max-image-preview:large, max-video-preview:-1\" \/>\n<link rel=\"canonical\" href=\"https:\/\/knoblochstrings.com\/es\/blog\/pedro-mateo-habla-sobre-el-preludio-no4-op-28-de-frederic-chopin\/\" \/>\n<meta property=\"og:locale\" content=\"es_ES\" \/>\n<meta property=\"og:type\" content=\"article\" \/>\n<meta property=\"og:title\" content=\"Pedro Mateo habla sobre el preludio N\u00ba4 Op. 28 de Fr\u00e9d\u00e9ric Chopin - Knobloch Strings\" \/>\n<meta property=\"og:description\" content=\"Chopin en Mallorca \u201cLa nuit, on entend des chants et le son des guitares pendant des heures enti\u00e8res\u2026\u201d Palma, 15 de noviembre de 1838 La estancia de\" \/>\n<meta property=\"og:url\" content=\"https:\/\/knoblochstrings.com\/es\/blog\/pedro-mateo-habla-sobre-el-preludio-no4-op-28-de-frederic-chopin\/\" \/>\n<meta property=\"og:site_name\" content=\"Knobloch Strings\" \/>\n<meta property=\"article:published_time\" content=\"2023-05-25T10:58:00+00:00\" \/>\n<meta property=\"article:modified_time\" content=\"2026-03-31T06:52:54+00:00\" \/>\n<meta property=\"og:image\" content=\"https:\/\/knoblochstrings.com\/wp-content\/uploads\/PEDRO-MATEO-TALKS.png\" \/>\n\t<meta property=\"og:image:width\" content=\"1280\" \/>\n\t<meta property=\"og:image:height\" content=\"720\" \/>\n\t<meta property=\"og:image:type\" content=\"image\/png\" \/>\n<meta name=\"author\" content=\"emfasi\" \/>\n<meta name=\"twitter:card\" content=\"summary_large_image\" \/>\n<meta name=\"twitter:label1\" content=\"Escrito por\" \/>\n\t<meta name=\"twitter:data1\" content=\"emfasi\" \/>\n\t<meta name=\"twitter:label2\" content=\"Tiempo de lectura\" \/>\n\t<meta name=\"twitter:data2\" content=\"3 minutos\" \/>\n<script type=\"application\/ld+json\" class=\"yoast-schema-graph\">{\"@context\":\"https:\/\/schema.org\",\"@graph\":[{\"@type\":\"Article\",\"@id\":\"https:\/\/knoblochstrings.com\/es\/blog\/pedro-mateo-habla-sobre-el-preludio-no4-op-28-de-frederic-chopin\/#article\",\"isPartOf\":{\"@id\":\"https:\/\/knoblochstrings.com\/es\/blog\/pedro-mateo-habla-sobre-el-preludio-no4-op-28-de-frederic-chopin\/\"},\"author\":{\"name\":\"emfasi\",\"@id\":\"https:\/\/knoblochstrings.com\/es\/#\/schema\/person\/9dc4f4f2c79362d48305928fbcfa82c5\"},\"headline\":\"Pedro Mateo habla sobre el preludio N\u00ba4 Op. 28 de Fr\u00e9d\u00e9ric Chopin\",\"datePublished\":\"2023-05-25T10:58:00+00:00\",\"dateModified\":\"2026-03-31T06:52:54+00:00\",\"mainEntityOfPage\":{\"@id\":\"https:\/\/knoblochstrings.com\/es\/blog\/pedro-mateo-habla-sobre-el-preludio-no4-op-28-de-frederic-chopin\/\"},\"wordCount\":524,\"publisher\":{\"@id\":\"https:\/\/knoblochstrings.com\/es\/#organization\"},\"image\":{\"@id\":\"https:\/\/knoblochstrings.com\/es\/blog\/pedro-mateo-habla-sobre-el-preludio-no4-op-28-de-frederic-chopin\/#primaryimage\"},\"thumbnailUrl\":\"https:\/\/knoblochstrings.com\/wp-content\/uploads\/PEDRO-MATEO-TALKS.png\",\"articleSection\":[\"Guitarra Cl\u00e1sica\"],\"inLanguage\":\"es\"},{\"@type\":\"WebPage\",\"@id\":\"https:\/\/knoblochstrings.com\/es\/blog\/pedro-mateo-habla-sobre-el-preludio-no4-op-28-de-frederic-chopin\/\",\"url\":\"https:\/\/knoblochstrings.com\/es\/blog\/pedro-mateo-habla-sobre-el-preludio-no4-op-28-de-frederic-chopin\/\",\"name\":\"Pedro Mateo habla sobre el preludio N\u00ba4 Op. 28 de Fr\u00e9d\u00e9ric Chopin - Knobloch Strings\",\"isPartOf\":{\"@id\":\"https:\/\/knoblochstrings.com\/es\/#website\"},\"primaryImageOfPage\":{\"@id\":\"https:\/\/knoblochstrings.com\/es\/blog\/pedro-mateo-habla-sobre-el-preludio-no4-op-28-de-frederic-chopin\/#primaryimage\"},\"image\":{\"@id\":\"https:\/\/knoblochstrings.com\/es\/blog\/pedro-mateo-habla-sobre-el-preludio-no4-op-28-de-frederic-chopin\/#primaryimage\"},\"thumbnailUrl\":\"https:\/\/knoblochstrings.com\/wp-content\/uploads\/PEDRO-MATEO-TALKS.png\",\"datePublished\":\"2023-05-25T10:58:00+00:00\",\"dateModified\":\"2026-03-31T06:52:54+00:00\",\"description\":\"Chopin en Mallorca \u201cLa nuit, on entend des chants et le son des guitares pendant des heures enti\u00e8res\u2026\u201d Palma, 15 de noviembre de 1838 La estancia de\",\"breadcrumb\":{\"@id\":\"https:\/\/knoblochstrings.com\/es\/blog\/pedro-mateo-habla-sobre-el-preludio-no4-op-28-de-frederic-chopin\/#breadcrumb\"},\"inLanguage\":\"es\",\"potentialAction\":[{\"@type\":\"ReadAction\",\"target\":[\"https:\/\/knoblochstrings.com\/es\/blog\/pedro-mateo-habla-sobre-el-preludio-no4-op-28-de-frederic-chopin\/\"]}]},{\"@type\":\"ImageObject\",\"inLanguage\":\"es\",\"@id\":\"https:\/\/knoblochstrings.com\/es\/blog\/pedro-mateo-habla-sobre-el-preludio-no4-op-28-de-frederic-chopin\/#primaryimage\",\"url\":\"https:\/\/knoblochstrings.com\/wp-content\/uploads\/PEDRO-MATEO-TALKS.png\",\"contentUrl\":\"https:\/\/knoblochstrings.com\/wp-content\/uploads\/PEDRO-MATEO-TALKS.png\",\"width\":1280,\"height\":720},{\"@type\":\"BreadcrumbList\",\"@id\":\"https:\/\/knoblochstrings.com\/es\/blog\/pedro-mateo-habla-sobre-el-preludio-no4-op-28-de-frederic-chopin\/#breadcrumb\",\"itemListElement\":[{\"@type\":\"ListItem\",\"position\":1,\"name\":\"Portada\",\"item\":\"https:\/\/knoblochstrings.com\/es\/\"},{\"@type\":\"ListItem\",\"position\":2,\"name\":\"Pedro Mateo habla sobre el preludio N\u00ba4 Op. 28 de Fr\u00e9d\u00e9ric Chopin\"}]},{\"@type\":\"WebSite\",\"@id\":\"https:\/\/knoblochstrings.com\/es\/#website\",\"url\":\"https:\/\/knoblochstrings.com\/es\/\",\"name\":\"Knobloch Strings\",\"description\":\"Premium Guitar Strings\",\"publisher\":{\"@id\":\"https:\/\/knoblochstrings.com\/es\/#organization\"},\"potentialAction\":[{\"@type\":\"SearchAction\",\"target\":{\"@type\":\"EntryPoint\",\"urlTemplate\":\"https:\/\/knoblochstrings.com\/es\/?s={search_term_string}\"},\"query-input\":{\"@type\":\"PropertyValueSpecification\",\"valueRequired\":true,\"valueName\":\"search_term_string\"}}],\"inLanguage\":\"es\"},{\"@type\":\"Organization\",\"@id\":\"https:\/\/knoblochstrings.com\/es\/#organization\",\"name\":\"Knobloch Strings\",\"url\":\"https:\/\/knoblochstrings.com\/es\/\",\"logo\":{\"@type\":\"ImageObject\",\"inLanguage\":\"es\",\"@id\":\"https:\/\/knoblochstrings.com\/es\/#\/schema\/logo\/image\/\",\"url\":\"https:\/\/knoblochstrings.com\/wp-content\/uploads\/Logo-Knobloch-Strings.svg\",\"contentUrl\":\"https:\/\/knoblochstrings.com\/wp-content\/uploads\/Logo-Knobloch-Strings.svg\",\"width\":485,\"height\":170,\"caption\":\"Knobloch Strings\"},\"image\":{\"@id\":\"https:\/\/knoblochstrings.com\/es\/#\/schema\/logo\/image\/\"}},{\"@type\":\"Person\",\"@id\":\"https:\/\/knoblochstrings.com\/es\/#\/schema\/person\/9dc4f4f2c79362d48305928fbcfa82c5\",\"name\":\"emfasi\",\"sameAs\":[\"https:\/\/knoblochstrings.com\"],\"url\":\"https:\/\/knoblochstrings.com\/es\/blog\/author\/emfasi\/\"}]}<\/script>\n<!-- \/ Yoast SEO plugin. -->","yoast_head_json":{"title":"Pedro Mateo habla sobre el preludio N\u00ba4 Op. 28 de Fr\u00e9d\u00e9ric Chopin - Knobloch Strings","description":"Chopin en Mallorca \u201cLa nuit, on entend des chants et le son des guitares pendant des heures enti\u00e8res\u2026\u201d Palma, 15 de noviembre de 1838 La estancia de","robots":{"index":"index","follow":"follow","max-snippet":"max-snippet:-1","max-image-preview":"max-image-preview:large","max-video-preview":"max-video-preview:-1"},"canonical":"https:\/\/knoblochstrings.com\/es\/blog\/pedro-mateo-habla-sobre-el-preludio-no4-op-28-de-frederic-chopin\/","og_locale":"es_ES","og_type":"article","og_title":"Pedro Mateo habla sobre el preludio N\u00ba4 Op. 28 de Fr\u00e9d\u00e9ric Chopin - Knobloch Strings","og_description":"Chopin en Mallorca \u201cLa nuit, on entend des chants et le son des guitares pendant des heures enti\u00e8res\u2026\u201d Palma, 15 de noviembre de 1838 La estancia de","og_url":"https:\/\/knoblochstrings.com\/es\/blog\/pedro-mateo-habla-sobre-el-preludio-no4-op-28-de-frederic-chopin\/","og_site_name":"Knobloch Strings","article_published_time":"2023-05-25T10:58:00+00:00","article_modified_time":"2026-03-31T06:52:54+00:00","og_image":[{"width":1280,"height":720,"url":"https:\/\/knoblochstrings.com\/wp-content\/uploads\/PEDRO-MATEO-TALKS.png","type":"image\/png"}],"author":"emfasi","twitter_card":"summary_large_image","twitter_misc":{"Escrito por":"emfasi","Tiempo de lectura":"3 minutos"},"schema":{"@context":"https:\/\/schema.org","@graph":[{"@type":"Article","@id":"https:\/\/knoblochstrings.com\/es\/blog\/pedro-mateo-habla-sobre-el-preludio-no4-op-28-de-frederic-chopin\/#article","isPartOf":{"@id":"https:\/\/knoblochstrings.com\/es\/blog\/pedro-mateo-habla-sobre-el-preludio-no4-op-28-de-frederic-chopin\/"},"author":{"name":"emfasi","@id":"https:\/\/knoblochstrings.com\/es\/#\/schema\/person\/9dc4f4f2c79362d48305928fbcfa82c5"},"headline":"Pedro Mateo habla sobre el preludio N\u00ba4 Op. 28 de Fr\u00e9d\u00e9ric Chopin","datePublished":"2023-05-25T10:58:00+00:00","dateModified":"2026-03-31T06:52:54+00:00","mainEntityOfPage":{"@id":"https:\/\/knoblochstrings.com\/es\/blog\/pedro-mateo-habla-sobre-el-preludio-no4-op-28-de-frederic-chopin\/"},"wordCount":524,"publisher":{"@id":"https:\/\/knoblochstrings.com\/es\/#organization"},"image":{"@id":"https:\/\/knoblochstrings.com\/es\/blog\/pedro-mateo-habla-sobre-el-preludio-no4-op-28-de-frederic-chopin\/#primaryimage"},"thumbnailUrl":"https:\/\/knoblochstrings.com\/wp-content\/uploads\/PEDRO-MATEO-TALKS.png","articleSection":["Guitarra Cl\u00e1sica"],"inLanguage":"es"},{"@type":"WebPage","@id":"https:\/\/knoblochstrings.com\/es\/blog\/pedro-mateo-habla-sobre-el-preludio-no4-op-28-de-frederic-chopin\/","url":"https:\/\/knoblochstrings.com\/es\/blog\/pedro-mateo-habla-sobre-el-preludio-no4-op-28-de-frederic-chopin\/","name":"Pedro Mateo habla sobre el preludio N\u00ba4 Op. 28 de Fr\u00e9d\u00e9ric Chopin - Knobloch Strings","isPartOf":{"@id":"https:\/\/knoblochstrings.com\/es\/#website"},"primaryImageOfPage":{"@id":"https:\/\/knoblochstrings.com\/es\/blog\/pedro-mateo-habla-sobre-el-preludio-no4-op-28-de-frederic-chopin\/#primaryimage"},"image":{"@id":"https:\/\/knoblochstrings.com\/es\/blog\/pedro-mateo-habla-sobre-el-preludio-no4-op-28-de-frederic-chopin\/#primaryimage"},"thumbnailUrl":"https:\/\/knoblochstrings.com\/wp-content\/uploads\/PEDRO-MATEO-TALKS.png","datePublished":"2023-05-25T10:58:00+00:00","dateModified":"2026-03-31T06:52:54+00:00","description":"Chopin en Mallorca \u201cLa nuit, on entend des chants et le son des guitares pendant des heures enti\u00e8res\u2026\u201d Palma, 15 de noviembre de 1838 La estancia de","breadcrumb":{"@id":"https:\/\/knoblochstrings.com\/es\/blog\/pedro-mateo-habla-sobre-el-preludio-no4-op-28-de-frederic-chopin\/#breadcrumb"},"inLanguage":"es","potentialAction":[{"@type":"ReadAction","target":["https:\/\/knoblochstrings.com\/es\/blog\/pedro-mateo-habla-sobre-el-preludio-no4-op-28-de-frederic-chopin\/"]}]},{"@type":"ImageObject","inLanguage":"es","@id":"https:\/\/knoblochstrings.com\/es\/blog\/pedro-mateo-habla-sobre-el-preludio-no4-op-28-de-frederic-chopin\/#primaryimage","url":"https:\/\/knoblochstrings.com\/wp-content\/uploads\/PEDRO-MATEO-TALKS.png","contentUrl":"https:\/\/knoblochstrings.com\/wp-content\/uploads\/PEDRO-MATEO-TALKS.png","width":1280,"height":720},{"@type":"BreadcrumbList","@id":"https:\/\/knoblochstrings.com\/es\/blog\/pedro-mateo-habla-sobre-el-preludio-no4-op-28-de-frederic-chopin\/#breadcrumb","itemListElement":[{"@type":"ListItem","position":1,"name":"Portada","item":"https:\/\/knoblochstrings.com\/es\/"},{"@type":"ListItem","position":2,"name":"Pedro Mateo habla sobre el preludio N\u00ba4 Op. 28 de Fr\u00e9d\u00e9ric Chopin"}]},{"@type":"WebSite","@id":"https:\/\/knoblochstrings.com\/es\/#website","url":"https:\/\/knoblochstrings.com\/es\/","name":"Knobloch Strings","description":"Premium Guitar Strings","publisher":{"@id":"https:\/\/knoblochstrings.com\/es\/#organization"},"potentialAction":[{"@type":"SearchAction","target":{"@type":"EntryPoint","urlTemplate":"https:\/\/knoblochstrings.com\/es\/?s={search_term_string}"},"query-input":{"@type":"PropertyValueSpecification","valueRequired":true,"valueName":"search_term_string"}}],"inLanguage":"es"},{"@type":"Organization","@id":"https:\/\/knoblochstrings.com\/es\/#organization","name":"Knobloch Strings","url":"https:\/\/knoblochstrings.com\/es\/","logo":{"@type":"ImageObject","inLanguage":"es","@id":"https:\/\/knoblochstrings.com\/es\/#\/schema\/logo\/image\/","url":"https:\/\/knoblochstrings.com\/wp-content\/uploads\/Logo-Knobloch-Strings.svg","contentUrl":"https:\/\/knoblochstrings.com\/wp-content\/uploads\/Logo-Knobloch-Strings.svg","width":485,"height":170,"caption":"Knobloch Strings"},"image":{"@id":"https:\/\/knoblochstrings.com\/es\/#\/schema\/logo\/image\/"}},{"@type":"Person","@id":"https:\/\/knoblochstrings.com\/es\/#\/schema\/person\/9dc4f4f2c79362d48305928fbcfa82c5","name":"emfasi","sameAs":["https:\/\/knoblochstrings.com"],"url":"https:\/\/knoblochstrings.com\/es\/blog\/author\/emfasi\/"}]}},"_links":{"self":[{"href":"https:\/\/knoblochstrings.com\/es\/wp-json\/wp\/v2\/posts\/3123","targetHints":{"allow":["GET"]}}],"collection":[{"href":"https:\/\/knoblochstrings.com\/es\/wp-json\/wp\/v2\/posts"}],"about":[{"href":"https:\/\/knoblochstrings.com\/es\/wp-json\/wp\/v2\/types\/post"}],"author":[{"embeddable":true,"href":"https:\/\/knoblochstrings.com\/es\/wp-json\/wp\/v2\/users\/1"}],"replies":[{"embeddable":true,"href":"https:\/\/knoblochstrings.com\/es\/wp-json\/wp\/v2\/comments?post=3123"}],"version-history":[{"count":1,"href":"https:\/\/knoblochstrings.com\/es\/wp-json\/wp\/v2\/posts\/3123\/revisions"}],"predecessor-version":[{"id":3124,"href":"https:\/\/knoblochstrings.com\/es\/wp-json\/wp\/v2\/posts\/3123\/revisions\/3124"}],"wp:featuredmedia":[{"embeddable":true,"href":"https:\/\/knoblochstrings.com\/es\/wp-json\/wp\/v2\/media\/3122"}],"wp:attachment":[{"href":"https:\/\/knoblochstrings.com\/es\/wp-json\/wp\/v2\/media?parent=3123"}],"wp:term":[{"taxonomy":"category","embeddable":true,"href":"https:\/\/knoblochstrings.com\/es\/wp-json\/wp\/v2\/categories?post=3123"},{"taxonomy":"post_tag","embeddable":true,"href":"https:\/\/knoblochstrings.com\/es\/wp-json\/wp\/v2\/tags?post=3123"}],"curies":[{"name":"wp","href":"https:\/\/api.w.org\/{rel}","templated":true}]}}